{"id":346,"date":"2024-09-13T15:49:36","date_gmt":"2024-09-13T14:49:36","guid":{"rendered":"https:\/\/mbr-friedenstrasse.de\/?p=346"},"modified":"2026-01-16T16:56:22","modified_gmt":"2026-01-16T15:56:22","slug":"interessante-termine-im-quartier-friedenstrasse","status":"publish","type":"post","link":"https:\/\/mbr-friedenstrasse.de\/index.php\/2024\/09\/13\/interessante-termine-im-quartier-friedenstrasse\/","title":{"rendered":"Termine und mehr im Quartier Friedenstra\u00dfe"},"content":{"rendered":"\n<div class=\"wp-block-group has-global-padding is-layout-constrained wp-block-group-is-layout-constrained\">\n<p class=\"has-text-align-center\"><strong><mark style=\"background-color:rgba(0, 0, 0, 0)\" class=\"has-inline-color has-accent-4-color\">Sprechstunden des Mieterbeirates des Quartiers Friedenstra\u00dfe einmal im Monat jeweils 18:00 Uhr.<\/mark><\/strong><\/p>\n\n\n\n<p>Ort: F\u00fcrstenwalder Stra\u00dfe 30 Nord, Familienzentrum, 1. Etage (Fahrstuhl vorhanden)<\/p>\n\n\n\n<p>22. Januar 2026, 19. Februar 2026, 19. M\u00e4rz 2026, 23. April 2026, 21. Mai 2026, 25. Juni 2026, 23.Juli 2026, 20. August 2026, 24. September 2026, 22. Oktober 2026, 19. November 2026 und bei Bedarf am 17. Dezember 2026<\/p>\n<\/div>\n\n\n\n<p>\ud83d\udc4d\ud83d\udc4d\ud83d\udc4d\ud83d\udc4d\ud83d\udc4d\ud83d\udc4d\ud83d\udc4d\ud83d\udc4d\ud83d\udc4d\ud83d\udc4d\ud83d\udc4d\ud83d\udc4d\ud83d\udc4d\ud83d\udc4d\ud83d\udc4d\ud83d\udc4d\ud83d\udc4d\ud83d\udc4d\ud83d\udc4d\ud83d\udc4d\ud83d\udc4d\ud83d\udc4d\ud83d\udc4d\ud83d\udc4d\ud83d\udc4d\ud83d\udc4d<\/p>\n\n\n\n<p>\ud83d\udc4d\ud83d\udc4d\ud83d\udc4d\ud83d\udc4d\ud83d\udc4d\ud83d\udc4d\ud83d\udc4d\ud83d\udc4d\ud83d\udc4d\ud83d\udc4d\ud83d\udc4d\ud83d\udc4d\ud83d\udc4d\ud83d\udc4d\ud83d\udc4d\ud83d\udc4d\ud83d\udc4d\ud83d\udc4d\ud83d\udc4d\ud83d\udc4d\ud83d\udc4d\ud83d\udc4d\ud83d\udc4d\ud83d\udc4d\ud83d\udc4d\ud83d\udc4d<\/p>\n\n\n\n<p><strong>Montags bis Samstags <\/strong>offene Treffs in der Pauline und am Kleinen Frieder (die Termine am Kleinen Frieder entfallen ab Dezember 2025, weil der Kleine Frieder den Standort verlassen muss)<\/p>\n\n\n\n<div data-wp-interactive=\"core\/file\" class=\"wp-block-file\"><object data-wp-bind--hidden=\"!state.hasPdfPreview\" hidden class=\"wp-block-file__embed\" data=\"https:\/\/mbr-friedenstrasse.de\/wp-content\/uploads\/2024\/09\/Offene-Treffs-DERUESTURAR.pdf\" type=\"application\/pdf\" style=\"width:100%;height:600px\" aria-label=\"Einbettung von Offene Treffs DE,RU,ES,TUR,AR.\"><\/object><a id=\"wp-block-file--media-1cb40457-c31d-42bb-b432-f728fe238afd\" href=\"https:\/\/mbr-friedenstrasse.de\/wp-content\/uploads\/2024\/09\/Offene-Treffs-DERUESTURAR.pdf\">Offene Treffs DE,RU,ES,TUR,AR<\/a><a href=\"https:\/\/mbr-friedenstrasse.de\/wp-content\/uploads\/2024\/09\/Offene-Treffs-DERUESTURAR.pdf\" class=\"wp-block-file__button wp-element-button\" download aria-describedby=\"wp-block-file--media-1cb40457-c31d-42bb-b432-f728fe238afd\">Herunterladen<\/a><\/div>\n\n\n\n<p><\/p>\n","protected":false},"excerpt":{"rendered":"<p>Sprechstunden des Mieterbeirates des Quartiers Friedenstra\u00dfe einmal im Monat jeweils 18:00 Uhr. Ort: F\u00fcrstenwalder Stra\u00dfe 30 Nord, Familienzentrum, 1. Etage (Fahrstuhl vorhanden) 22. Januar 2026, 19. Februar 2026, 19. M\u00e4rz 2026, 23. April 2026, 21. Mai 2026, 25. Juni 2026, 23.Juli 2026, 20. August 2026, 24. September 2026, 22. Oktober 2026, 19. November 2026 und [&hellip;]<\/p>\n","protected":false},"author":2,"featured_media":0,"comment_status":"open","ping_status":"open","sticky":true,"template":"","format":"standard","meta":{"footnotes":"[]"},"categories":[7],"tags":[],"class_list":["post-346","post","type-post","status-publish","format-standard","hentry","category-termine"],"_links":{"self":[{"href":"https:\/\/mbr-friedenstrasse.de\/index.php\/wp-json\/wp\/v2\/posts\/346","targetHints":{"allow":["GET"]}}],"collection":[{"href":"https:\/\/mbr-friedenstrasse.de\/index.php\/wp-json\/wp\/v2\/posts"}],"about":[{"href":"https:\/\/mbr-friedenstrasse.de\/index.php\/wp-json\/wp\/v2\/types\/post"}],"author":[{"embeddable":true,"href":"https:\/\/mbr-friedenstrasse.de\/index.php\/wp-json\/wp\/v2\/users\/2"}],"replies":[{"embeddable":true,"href":"https:\/\/mbr-friedenstrasse.de\/index.php\/wp-json\/wp\/v2\/comments?post=346"}],"version-history":[{"count":66,"href":"https:\/\/mbr-friedenstrasse.de\/index.php\/wp-json\/wp\/v2\/posts\/346\/revisions"}],"predecessor-version":[{"id":681,"href":"https:\/\/mbr-friedenstrasse.de\/index.php\/wp-json\/wp\/v2\/posts\/346\/revisions\/681"}],"wp:attachment":[{"href":"https:\/\/mbr-friedenstrasse.de\/index.php\/wp-json\/wp\/v2\/media?parent=346"}],"wp:term":[{"taxonomy":"category","embeddable":true,"href":"https:\/\/mbr-friedenstrasse.de\/index.php\/wp-json\/wp\/v2\/categories?post=346"},{"taxonomy":"post_tag","embeddable":true,"href":"https:\/\/mbr-friedenstrasse.de\/index.php\/wp-json\/wp\/v2\/tags?post=346"}],"curies":[{"name":"wp","href":"https:\/\/api.w.org\/{rel}","templated":true}]}}